{"id":120,"date":"2022-11-08T18:57:13","date_gmt":"2022-11-08T18:57:13","guid":{"rendered":"https:\/\/bundeskuenstler.de\/?p=120"},"modified":"2023-01-10T16:35:50","modified_gmt":"2023-01-10T16:35:50","slug":"das-manifest","status":"publish","type":"post","link":"https:\/\/bundeskuenstler.de\/?p=120","title":{"rendered":"das MANifESt"},"content":{"rendered":"\n<p><strong>der bUNdESk\u00fcNStlER<\/strong> ist kein Amt . <br>daher kann er\/sie sich auch nicht eines etwaigen Amtes anma\u00dfen . <br>der bUNdESk\u00fcNStlER ist ein k\u00fcnstlerisches Projekt unter dem jeweiligen Namen des Nicht-Amtst\u00e4gers und mit den je verfassungsgem\u00e4\u00dfen Freiheiten der Kunst . <br>der sich je im Nicht-Amt befindliche bUNdESk\u00fcNStlER ist (bis auf weiteres) automaisch Vorsitzender des Kunstamtes der Bundesrealbublik Deutschhand . <\/p>\n\n\n\n<p><strong>das kUNStAMt<\/strong> ist ein k\u00fcnstlerisches Projekt unter dem jeweiligen Namen des Vorsitzes und mit den je verfassungsgem\u00e4\u00dfen Freiheiten der Kunst . <\/p>\n","protected":false},"excerpt":{"rendered":"<p>der bUNdESk\u00fcNStlER ist kein Amt . daher kann er\/sie sich auch nicht eines etwaigen Amtes anma\u00dfen . der bUNdESk\u00fcNStlER ist ein k\u00fcnstlerisches Projekt unter dem jeweiligen Namen des Nicht-Amtst\u00e4gers und mit den je verfassungsgem\u00e4\u00dfen Freiheiten der Kunst . der sich je im Nicht-Amt befindliche bUNdESk\u00fcNStlER ist (bis auf weiteres) automaisch Vorsitzender des Kunstamtes der Bundesrealbublik [&hellip;]<\/p>\n","protected":false},"author":1,"featured_media":51,"comment_status":"open","ping_status":"open","sticky":false,"template":"","format":"standard","meta":{"footnotes":""},"categories":[1],"tags":[],"class_list":["post-120","post","type-post","status-publish","format-standard","has-post-thumbnail","hentry","category-uncategorized"],"_links":{"self":[{"href":"https:\/\/bundeskuenstler.de\/index.php?rest_route=\/wp\/v2\/posts\/120","targetHints":{"allow":["GET"]}}],"collection":[{"href":"https:\/\/bundeskuenstler.de\/index.php?rest_route=\/wp\/v2\/posts"}],"about":[{"href":"https:\/\/bundeskuenstler.de\/index.php?rest_route=\/wp\/v2\/types\/post"}],"author":[{"embeddable":true,"href":"https:\/\/bundeskuenstler.de\/index.php?rest_route=\/wp\/v2\/users\/1"}],"replies":[{"embeddable":true,"href":"https:\/\/bundeskuenstler.de\/index.php?rest_route=%2Fwp%2Fv2%2Fcomments&post=120"}],"version-history":[{"count":4,"href":"https:\/\/bundeskuenstler.de\/index.php?rest_route=\/wp\/v2\/posts\/120\/revisions"}],"predecessor-version":[{"id":137,"href":"https:\/\/bundeskuenstler.de\/index.php?rest_route=\/wp\/v2\/posts\/120\/revisions\/137"}],"wp:featuredmedia":[{"embeddable":true,"href":"https:\/\/bundeskuenstler.de\/index.php?rest_route=\/wp\/v2\/media\/51"}],"wp:attachment":[{"href":"https:\/\/bundeskuenstler.de\/index.php?rest_route=%2Fwp%2Fv2%2Fmedia&parent=120"}],"wp:term":[{"taxonomy":"category","embeddable":true,"href":"https:\/\/bundeskuenstler.de\/index.php?rest_route=%2Fwp%2Fv2%2Fcategories&post=120"},{"taxonomy":"post_tag","embeddable":true,"href":"https:\/\/bundeskuenstler.de\/index.php?rest_route=%2Fwp%2Fv2%2Ftags&post=120"}],"curies":[{"name":"wp","href":"https:\/\/api.w.org\/{rel}","templated":true}]}}