{"id":127,"date":"2022-11-08T18:59:22","date_gmt":"2022-11-08T18:59:22","guid":{"rendered":"https:\/\/bundeskuenstler.de\/?p=127"},"modified":"2023-01-10T16:56:01","modified_gmt":"2023-01-10T16:56:01","slug":"impressum-datenschutzerklaerung","status":"publish","type":"post","link":"https:\/\/bundeskuenstler.de\/?p=127","title":{"rendered":"impressum : datenschutzerkl\u00e4rung"},"content":{"rendered":"\n<p>der derzeitige bUNdESk\u00fcNStlER : <br>(seit 2008)  SOSEiN <\/p>\n\n\n\n<p>in Person von<br>CARL, Jan<br>Im Boschm\u00e4ttle 7<br>77656 Offenburg<\/p>\n\n\n\n<p>info@bundeskuenstler.de<\/p>\n\n\n\n<hr class=\"wp-block-separator has-alpha-channel-opacity is-style-wide\"\/>\n\n\n\n<p>ich sch\u00fctze Deine und meine Daten <br>Du sch\u00fctzt meine und Deine Daten <br>er sch\u00fctzt Deine , meine und seine Daten <br>sie sch\u00fctzt Deine , meine und ihre Daten  <br>es sch\u00fctzt Deine , meine und seine Daten <\/p>\n\n\n\n<p>wir sch\u00fctzen unsere Daten <br>ihr sch\u00fctzt eure Daten <br>sie sch\u00fctzen ihre Daten <\/p>\n","protected":false},"excerpt":{"rendered":"<p>der derzeitige bUNdESk\u00fcNStlER : (seit 2008) SOSEiN in Person vonCARL, JanIm Boschm\u00e4ttle 777656 Offenburg info@bundeskuenstler.de ich sch\u00fctze Deine und meine Daten Du sch\u00fctzt meine und Deine Daten er sch\u00fctzt Deine , meine und seine Daten sie sch\u00fctzt Deine , meine und ihre Daten es sch\u00fctzt Deine , meine und seine Daten wir sch\u00fctzen unsere Daten [&hellip;]<\/p>\n","protected":false},"author":1,"featured_media":36,"comment_status":"open","ping_status":"open","sticky":false,"template":"","format":"standard","meta":{"footnotes":""},"categories":[1],"tags":[],"class_list":["post-127","post","type-post","status-publish","format-standard","has-post-thumbnail","hentry","category-uncategorized"],"_links":{"self":[{"href":"https:\/\/bundeskuenstler.de\/index.php?rest_route=\/wp\/v2\/posts\/127","targetHints":{"allow":["GET"]}}],"collection":[{"href":"https:\/\/bundeskuenstler.de\/index.php?rest_route=\/wp\/v2\/posts"}],"about":[{"href":"https:\/\/bundeskuenstler.de\/index.php?rest_route=\/wp\/v2\/types\/post"}],"author":[{"embeddable":true,"href":"https:\/\/bundeskuenstler.de\/index.php?rest_route=\/wp\/v2\/users\/1"}],"replies":[{"embeddable":true,"href":"https:\/\/bundeskuenstler.de\/index.php?rest_route=%2Fwp%2Fv2%2Fcomments&post=127"}],"version-history":[{"count":4,"href":"https:\/\/bundeskuenstler.de\/index.php?rest_route=\/wp\/v2\/posts\/127\/revisions"}],"predecessor-version":[{"id":145,"href":"https:\/\/bundeskuenstler.de\/index.php?rest_route=\/wp\/v2\/posts\/127\/revisions\/145"}],"wp:featuredmedia":[{"embeddable":true,"href":"https:\/\/bundeskuenstler.de\/index.php?rest_route=\/wp\/v2\/media\/36"}],"wp:attachment":[{"href":"https:\/\/bundeskuenstler.de\/index.php?rest_route=%2Fwp%2Fv2%2Fmedia&parent=127"}],"wp:term":[{"taxonomy":"category","embeddable":true,"href":"https:\/\/bundeskuenstler.de\/index.php?rest_route=%2Fwp%2Fv2%2Fcategories&post=127"},{"taxonomy":"post_tag","embeddable":true,"href":"https:\/\/bundeskuenstler.de\/index.php?rest_route=%2Fwp%2Fv2%2Ftags&post=127"}],"curies":[{"name":"wp","href":"https:\/\/api.w.org\/{rel}","templated":true}]}}