{"id":41,"date":"2022-04-11T19:29:57","date_gmt":"2022-04-11T19:29:57","guid":{"rendered":"https:\/\/bundeskuenstler.de\/?p=41"},"modified":"2023-01-11T19:33:39","modified_gmt":"2023-01-11T19:33:39","slug":"der-bundeskuenstler","status":"publish","type":"post","link":"https:\/\/bundeskuenstler.de\/?p=41","title":{"rendered":"der bUNdESk\u00fcNStlER"},"content":{"rendered":"\n<p><strong>hat von 2008 bis 2012<\/strong> <br>w\u00e4hrend seiner Zeit in Freiburg vor allem durch die Bewertung eingereichter Kunstwerke jegliche Bewetung von Kunst an sich und sogar noch durch ein Amt in Frage gestellt , karikiert und verh\u00f6hnt . <br>Die Bewertungen fanden auf unumst\u00f6\u00dflicher individueller Einsch\u00e4tzung des dortmaligen bUNdESK\u00fcNStlERS statt und wurden in den drei Kategorien POSitiV , NEUtRAl und NEGAtiV durch Vergabe eines die Echtheit der jeweiligen Bewertung best\u00e4tigenden Stempels zugeteilt . <br>Nach Antragstellung k\u00f6nnen die Bewertungen der eingereichten Werke vor Ort im Kunstamt eingesehen werden . Die Terminvergabe richtet sich nach der Menge der angefragten Termine . <br>Je nach Geringf\u00fcgigkeit der Anfragen oder nach etwaig auftretender staatlicher und gesundheitlicher Besuchs- und Kontakteinschr\u00e4nkungen k\u00f6nnen auch Sammeltermine vergeben werden . <br>Die M\u00f6glichkeit zur Einreichung selbst produzierter Kunstwerke ist immer noch von Bestand . <br>Ebenso verpflichtet sich der Bundesk\u00fcnstler die Bewertungen selbst vorzunehmen . <\/p>\n\n\n\n<p><strong>Andere Aktionen des Bundesk\u00fcnstlers<\/strong> <br>entnehmen Sie bitte der hier vorliegenden , stets wachsenden Internetseite oder auch Ihrer Erinnerung . <\/p>\n\n\n\n<p><strong>Weitere Aktionen und Projekte<\/strong> <br>werden stattfinden und zur Kenntnisnahme durch Ver\u00f6ffentlichung auf dieser Webseite angezeigt . <\/p>\n","protected":false},"excerpt":{"rendered":"<p>hat von 2008 bis 2012 w\u00e4hrend seiner Zeit in Freiburg vor allem durch die Bewertung eingereichter Kunstwerke jegliche Bewetung von Kunst an sich und sogar noch durch ein Amt in Frage gestellt , karikiert und verh\u00f6hnt . Die Bewertungen fanden auf unumst\u00f6\u00dflicher individueller Einsch\u00e4tzung des dortmaligen bUNdESK\u00fcNStlERS statt und wurden in den drei Kategorien POSitiV [&hellip;]<\/p>\n","protected":false},"author":1,"featured_media":60,"comment_status":"open","ping_status":"open","sticky":false,"template":"","format":"standard","meta":{"footnotes":""},"categories":[1],"tags":[],"class_list":["post-41","post","type-post","status-publish","format-standard","has-post-thumbnail","hentry","category-uncategorized"],"_links":{"self":[{"href":"https:\/\/bundeskuenstler.de\/index.php?rest_route=\/wp\/v2\/posts\/41","targetHints":{"allow":["GET"]}}],"collection":[{"href":"https:\/\/bundeskuenstler.de\/index.php?rest_route=\/wp\/v2\/posts"}],"about":[{"href":"https:\/\/bundeskuenstler.de\/index.php?rest_route=\/wp\/v2\/types\/post"}],"author":[{"embeddable":true,"href":"https:\/\/bundeskuenstler.de\/index.php?rest_route=\/wp\/v2\/users\/1"}],"replies":[{"embeddable":true,"href":"https:\/\/bundeskuenstler.de\/index.php?rest_route=%2Fwp%2Fv2%2Fcomments&post=41"}],"version-history":[{"count":4,"href":"https:\/\/bundeskuenstler.de\/index.php?rest_route=\/wp\/v2\/posts\/41\/revisions"}],"predecessor-version":[{"id":158,"href":"https:\/\/bundeskuenstler.de\/index.php?rest_route=\/wp\/v2\/posts\/41\/revisions\/158"}],"wp:featuredmedia":[{"embeddable":true,"href":"https:\/\/bundeskuenstler.de\/index.php?rest_route=\/wp\/v2\/media\/60"}],"wp:attachment":[{"href":"https:\/\/bundeskuenstler.de\/index.php?rest_route=%2Fwp%2Fv2%2Fmedia&parent=41"}],"wp:term":[{"taxonomy":"category","embeddable":true,"href":"https:\/\/bundeskuenstler.de\/index.php?rest_route=%2Fwp%2Fv2%2Fcategories&post=41"},{"taxonomy":"post_tag","embeddable":true,"href":"https:\/\/bundeskuenstler.de\/index.php?rest_route=%2Fwp%2Fv2%2Ftags&post=41"}],"curies":[{"name":"wp","href":"https:\/\/api.w.org\/{rel}","templated":true}]}}