{"id":46,"date":"2022-04-11T19:32:01","date_gmt":"2022-04-11T19:32:01","guid":{"rendered":"https:\/\/bundeskuenstler.de\/?p=46"},"modified":"2023-01-11T18:33:55","modified_gmt":"2023-01-11T18:33:55","slug":"der-sitz","status":"publish","type":"post","link":"https:\/\/bundeskuenstler.de\/?p=46","title":{"rendered":"der Sitz"},"content":{"rendered":"\n<p>des Bundesk\u00fcnstlers der Bundesrealpublik Deutschhand ist das Kunstamt . <\/p>\n\n\n\n<p>das Kunstamt ist eine in die virtuelle Realit\u00e4t umgesetzte Idee des K\u00fcnstlers Sosein , die deutliche Nachwirkung in Freiburg (2008-2015) hat und die gegenw\u00e4rtige Pr\u00e4senz in Offenburg findet . <\/p>\n\n\n\n<iframe src=\"https:\/\/www.google.com\/maps\/embed?pb=!1m18!1m12!1m3!1d1163.80723678451!2d7.936473828881776!3d48.450260245185525!2m3!1f0!2f0!3f0!3m2!1i1024!2i768!4f13.1!3m3!1m2!1s0x4796d3b79e171661%3A0x9aaa6956408833c6!2ssosein.%20der%20Bundesk%C3%BCnstler!5e1!3m2!1sde!2sde!4v1673461935416!5m2!1sde!2sde\" width=\"600\" height=\"450\" style=\"border:0;\" allowfullscreen=\"\" loading=\"lazy\" referrerpolicy=\"no-referrer-when-downgrade\"><\/iframe>\n","protected":false},"excerpt":{"rendered":"<p>des Bundesk\u00fcnstlers der Bundesrealpublik Deutschhand ist das Kunstamt . das Kunstamt ist eine in die virtuelle Realit\u00e4t umgesetzte Idee des K\u00fcnstlers Sosein , die deutliche Nachwirkung in Freiburg (2008-2015) hat und die gegenw\u00e4rtige Pr\u00e4senz in Offenburg findet .<\/p>\n","protected":false},"author":1,"featured_media":58,"comment_status":"open","ping_status":"open","sticky":false,"template":"","format":"standard","meta":{"footnotes":""},"categories":[1],"tags":[],"class_list":["post-46","post","type-post","status-publish","format-standard","has-post-thumbnail","hentry","category-uncategorized"],"_links":{"self":[{"href":"https:\/\/bundeskuenstler.de\/index.php?rest_route=\/wp\/v2\/posts\/46","targetHints":{"allow":["GET"]}}],"collection":[{"href":"https:\/\/bundeskuenstler.de\/index.php?rest_route=\/wp\/v2\/posts"}],"about":[{"href":"https:\/\/bundeskuenstler.de\/index.php?rest_route=\/wp\/v2\/types\/post"}],"author":[{"embeddable":true,"href":"https:\/\/bundeskuenstler.de\/index.php?rest_route=\/wp\/v2\/users\/1"}],"replies":[{"embeddable":true,"href":"https:\/\/bundeskuenstler.de\/index.php?rest_route=%2Fwp%2Fv2%2Fcomments&post=46"}],"version-history":[{"count":3,"href":"https:\/\/bundeskuenstler.de\/index.php?rest_route=\/wp\/v2\/posts\/46\/revisions"}],"predecessor-version":[{"id":153,"href":"https:\/\/bundeskuenstler.de\/index.php?rest_route=\/wp\/v2\/posts\/46\/revisions\/153"}],"wp:featuredmedia":[{"embeddable":true,"href":"https:\/\/bundeskuenstler.de\/index.php?rest_route=\/wp\/v2\/media\/58"}],"wp:attachment":[{"href":"https:\/\/bundeskuenstler.de\/index.php?rest_route=%2Fwp%2Fv2%2Fmedia&parent=46"}],"wp:term":[{"taxonomy":"category","embeddable":true,"href":"https:\/\/bundeskuenstler.de\/index.php?rest_route=%2Fwp%2Fv2%2Fcategories&post=46"},{"taxonomy":"post_tag","embeddable":true,"href":"https:\/\/bundeskuenstler.de\/index.php?rest_route=%2Fwp%2Fv2%2Ftags&post=46"}],"curies":[{"name":"wp","href":"https:\/\/api.w.org\/{rel}","templated":true}]}}